{"id":847,"date":"2015-05-27T07:17:04","date_gmt":"2015-05-27T07:17:04","guid":{"rendered":"http:\/\/www.la-comedie-de-pezenas.com\/?p=847"},"modified":"2015-05-27T07:17:04","modified_gmt":"2015-05-27T07:17:04","slug":"exposition-dart-a-pezenas-sur-le-theme-du-vin-par-karen-gerard-et-noe-garcia","status":"publish","type":"post","link":"https:\/\/www.la-comedie-de-pezenas.com\/en\/2015\/05\/27\/artist\/exposition-dart-a-pezenas-sur-le-theme-du-vin-par-karen-gerard-et-noe-garcia\/","title":{"rendered":"Exposition d&#8217;Art \u00e0 P\u00e9zenas sur le th\u00e8me du vin par Karen, G\u00e9rard et No\u00e9 Garcia"},"content":{"rendered":"<p>Au domaine viticole de La Croix Gratiot, pr\u00e8s de Montagnac (34), le caveau met en sc\u00e8ne aussi bien les vins que les oeuvres expos\u00e9es. Il y a souvent une belle harmonie.<\/p>\n<p>Depuis quelques jours, on y trouve les p\u00e9pettes de G\u00e9rard Garcia, artiste plasticien, qui aime \u00e0 croquer des personnages au travers de figurines souvent caricaturales avec toujours une courbe l\u00e9g\u00e8re, alliant humour et po\u00e9sie. Il y a aussi les tableaux de Karen, un savant m\u00e9lange pastel de collage, de dessin, de bois, de tissus. Des patchworks pr\u00e9cieux qui habillent le regard lorsqu&#8217;il se pose dessus.<br \/>\nNo\u00e9 au travers de ses dessins, des croquis en blanc et noir, pr\u00e9pare certainement une BD, une histoire bien \u00e0 lui, \u00e0 l&#8217;\u00e9tat brute.<\/p>\n<p>Accessoirement, G\u00e9rard et Karen sont les parents de No\u00e9.<\/p>\n<p><a title=\"croix gratiot\" href=\"http:\/\/www.croix-gratiot.com\/\" target=\"_blank\">&gt;&gt; Le site Internet de La Croix Gratiot<\/a><\/p>\n<p><a href=\"http:\/\/garciagerard.blogspot.fr\/p\/actualite.html\" target=\"_blank\">&gt;&gt; Le site de G\u00e9rard Garcia<\/a><\/p>\n<p><a href=\"http:\/\/karen-schaffer-garcia.blogspot.fr\/\" target=\"_blank\">&gt;&gt; Le site de Karen Garcia<\/a><\/p>\n<p><a href=\"http:\/\/noe-zeblog.blogspot.fr\/\" target=\"_blank\">&gt;&gt; Le site de No\u00e9 Garcia<\/a><\/p>\n<p>&nbsp;<\/p>\n","protected":false},"excerpt":{"rendered":"<p>Au domaine viticole de La Croix Gratiot, pr\u00e8s de Montagnac (34), le caveau met en sc\u00e8ne aussi bien les vins que les oeuvres expos\u00e9es. Il y a souvent une belle harmonie. Depuis quelques jours, on y trouve les p\u00e9pettes de G\u00e9rard Garcia, artiste plasticien, qui aime \u00e0 croquer des personnages au travers de figurines souvent [&hellip;]<\/p>\n","protected":false},"author":1,"featured_media":848,"comment_status":"closed","ping_status":"open","sticky":false,"template":"","format":"standard","meta":{"_et_pb_use_builder":"","_et_pb_old_content":"","_et_gb_content_width":"","footnotes":""},"categories":[6],"tags":[7,109],"class_list":["post-847","post","type-post","status-publish","format-standard","has-post-thumbnail","hentry","category-artist","tag-artiste","tag-garcia-en"],"yoast_head":"<!-- This site is optimized with the Yoast SEO plugin v27.4 - https:\/\/yoast.com\/product\/yoast-seo-wordpress\/ -->\n<title>Exposition d&#039;Art \u00e0 P\u00e9zenas sur le th\u00e8me du vin par Karen, G\u00e9rard et No\u00e9 Garcia | La Com\u00e9die de P\u00e9zenas<\/title>\n<meta name=\"robots\" content=\"index, follow, max-snippet:-1, max-image-preview:large, max-video-preview:-1\" \/>\n<link rel=\"canonical\" href=\"https:\/\/www.la-comedie-de-pezenas.com\/en\/2015\/05\/27\/artist\/exposition-dart-a-pezenas-sur-le-theme-du-vin-par-karen-gerard-et-noe-garcia\/\" \/>\n<meta property=\"og:locale\" content=\"en_US\" \/>\n<meta property=\"og:type\" content=\"article\" \/>\n<meta property=\"og:title\" content=\"Exposition d&#039;Art \u00e0 P\u00e9zenas sur le th\u00e8me du vin par Karen, G\u00e9rard et No\u00e9 Garcia | La Com\u00e9die de P\u00e9zenas\" \/>\n<meta property=\"og:description\" content=\"Au domaine viticole de La Croix Gratiot, pr\u00e8s de Montagnac (34), le caveau met en sc\u00e8ne aussi bien les vins que les oeuvres expos\u00e9es. Il y a souvent une belle harmonie. Depuis quelques jours, on y trouve les p\u00e9pettes de G\u00e9rard Garcia, artiste plasticien, qui aime \u00e0 croquer des personnages au travers de figurines souvent [&hellip;]\" \/>\n<meta property=\"og:url\" content=\"https:\/\/www.la-comedie-de-pezenas.com\/en\/2015\/05\/27\/artist\/exposition-dart-a-pezenas-sur-le-theme-du-vin-par-karen-gerard-et-noe-garcia\/\" \/>\n<meta property=\"og:site_name\" content=\"La Com\u00e9die de P\u00e9zenas\" \/>\n<meta property=\"article:publisher\" content=\"https:\/\/www.facebook.com\/Comedie.Pezenas\" \/>\n<meta property=\"article:published_time\" content=\"2015-05-27T07:17:04+00:00\" \/>\n<meta name=\"author\" content=\"Olivier et Nathalie\" \/>\n<meta name=\"twitter:label1\" content=\"Written by\" \/>\n\t<meta name=\"twitter:data1\" content=\"Olivier et Nathalie\" \/>\n\t<meta name=\"twitter:label2\" content=\"Est. reading time\" \/>\n\t<meta name=\"twitter:data2\" content=\"1 minute\" \/>\n<script type=\"application\/ld+json\" class=\"yoast-schema-graph\">{\"@context\":\"https:\\\/\\\/schema.org\",\"@graph\":[{\"@type\":\"Article\",\"@id\":\"https:\\\/\\\/www.la-comedie-de-pezenas.com\\\/en\\\/2015\\\/05\\\/27\\\/artist\\\/exposition-dart-a-pezenas-sur-le-theme-du-vin-par-karen-gerard-et-noe-garcia\\\/#article\",\"isPartOf\":{\"@id\":\"https:\\\/\\\/www.la-comedie-de-pezenas.com\\\/en\\\/2015\\\/05\\\/27\\\/artist\\\/exposition-dart-a-pezenas-sur-le-theme-du-vin-par-karen-gerard-et-noe-garcia\\\/\"},\"author\":{\"name\":\"Olivier et Nathalie\",\"@id\":\"https:\\\/\\\/www.la-comedie-de-pezenas.com\\\/#\\\/schema\\\/person\\\/2b0c91d274ec3ab6e9273ee3f4ea6c11\"},\"headline\":\"Exposition d&#8217;Art \u00e0 P\u00e9zenas sur le th\u00e8me du vin par Karen, G\u00e9rard et No\u00e9 Garcia\",\"datePublished\":\"2015-05-27T07:17:04+00:00\",\"mainEntityOfPage\":{\"@id\":\"https:\\\/\\\/www.la-comedie-de-pezenas.com\\\/en\\\/2015\\\/05\\\/27\\\/artist\\\/exposition-dart-a-pezenas-sur-le-theme-du-vin-par-karen-gerard-et-noe-garcia\\\/\"},\"wordCount\":189,\"publisher\":{\"@id\":\"https:\\\/\\\/www.la-comedie-de-pezenas.com\\\/#organization\"},\"image\":{\"@id\":\"https:\\\/\\\/www.la-comedie-de-pezenas.com\\\/en\\\/2015\\\/05\\\/27\\\/artist\\\/exposition-dart-a-pezenas-sur-le-theme-du-vin-par-karen-gerard-et-noe-garcia\\\/#primaryimage\"},\"thumbnailUrl\":\"\",\"keywords\":[\"artiste\",\"garcia\"],\"articleSection\":[\"Artist\"],\"inLanguage\":\"en-US\"},{\"@type\":\"WebPage\",\"@id\":\"https:\\\/\\\/www.la-comedie-de-pezenas.com\\\/en\\\/2015\\\/05\\\/27\\\/artist\\\/exposition-dart-a-pezenas-sur-le-theme-du-vin-par-karen-gerard-et-noe-garcia\\\/\",\"url\":\"https:\\\/\\\/www.la-comedie-de-pezenas.com\\\/en\\\/2015\\\/05\\\/27\\\/artist\\\/exposition-dart-a-pezenas-sur-le-theme-du-vin-par-karen-gerard-et-noe-garcia\\\/\",\"name\":\"Exposition d'Art \u00e0 P\u00e9zenas sur le th\u00e8me du vin par Karen, G\u00e9rard et No\u00e9 Garcia | La Com\u00e9die de P\u00e9zenas\",\"isPartOf\":{\"@id\":\"https:\\\/\\\/www.la-comedie-de-pezenas.com\\\/#website\"},\"primaryImageOfPage\":{\"@id\":\"https:\\\/\\\/www.la-comedie-de-pezenas.com\\\/en\\\/2015\\\/05\\\/27\\\/artist\\\/exposition-dart-a-pezenas-sur-le-theme-du-vin-par-karen-gerard-et-noe-garcia\\\/#primaryimage\"},\"image\":{\"@id\":\"https:\\\/\\\/www.la-comedie-de-pezenas.com\\\/en\\\/2015\\\/05\\\/27\\\/artist\\\/exposition-dart-a-pezenas-sur-le-theme-du-vin-par-karen-gerard-et-noe-garcia\\\/#primaryimage\"},\"thumbnailUrl\":\"\",\"datePublished\":\"2015-05-27T07:17:04+00:00\",\"breadcrumb\":{\"@id\":\"https:\\\/\\\/www.la-comedie-de-pezenas.com\\\/en\\\/2015\\\/05\\\/27\\\/artist\\\/exposition-dart-a-pezenas-sur-le-theme-du-vin-par-karen-gerard-et-noe-garcia\\\/#breadcrumb\"},\"inLanguage\":\"en-US\",\"potentialAction\":[{\"@type\":\"ReadAction\",\"target\":[\"https:\\\/\\\/www.la-comedie-de-pezenas.com\\\/en\\\/2015\\\/05\\\/27\\\/artist\\\/exposition-dart-a-pezenas-sur-le-theme-du-vin-par-karen-gerard-et-noe-garcia\\\/\"]}]},{\"@type\":\"ImageObject\",\"inLanguage\":\"en-US\",\"@id\":\"https:\\\/\\\/www.la-comedie-de-pezenas.com\\\/en\\\/2015\\\/05\\\/27\\\/artist\\\/exposition-dart-a-pezenas-sur-le-theme-du-vin-par-karen-gerard-et-noe-garcia\\\/#primaryimage\",\"url\":\"\",\"contentUrl\":\"\"},{\"@type\":\"BreadcrumbList\",\"@id\":\"https:\\\/\\\/www.la-comedie-de-pezenas.com\\\/en\\\/2015\\\/05\\\/27\\\/artist\\\/exposition-dart-a-pezenas-sur-le-theme-du-vin-par-karen-gerard-et-noe-garcia\\\/#breadcrumb\",\"itemListElement\":[{\"@type\":\"ListItem\",\"position\":1,\"name\":\"Accueil\",\"item\":\"https:\\\/\\\/www.la-comedie-de-pezenas.com\\\/\"},{\"@type\":\"ListItem\",\"position\":2,\"name\":\"Exposition d&rsquo;Art \u00e0 P\u00e9zenas sur le th\u00e8me du vin par Karen, G\u00e9rard et No\u00e9 Garcia\"}]},{\"@type\":\"WebSite\",\"@id\":\"https:\\\/\\\/www.la-comedie-de-pezenas.com\\\/#website\",\"url\":\"https:\\\/\\\/www.la-comedie-de-pezenas.com\\\/\",\"name\":\"La Com\u00e9die de P\u00e9zenas\",\"description\":\"Vacances et s\u00e9jour gite et appartement location \u00e0 P\u00e9zenas\",\"publisher\":{\"@id\":\"https:\\\/\\\/www.la-comedie-de-pezenas.com\\\/#organization\"},\"potentialAction\":[{\"@type\":\"SearchAction\",\"target\":{\"@type\":\"EntryPoint\",\"urlTemplate\":\"https:\\\/\\\/www.la-comedie-de-pezenas.com\\\/?s={search_term_string}\"},\"query-input\":{\"@type\":\"PropertyValueSpecification\",\"valueRequired\":true,\"valueName\":\"search_term_string\"}}],\"inLanguage\":\"en-US\"},{\"@type\":\"Organization\",\"@id\":\"https:\\\/\\\/www.la-comedie-de-pezenas.com\\\/#organization\",\"name\":\"La Com\u00e9die de P\u00e9zenas\",\"url\":\"https:\\\/\\\/www.la-comedie-de-pezenas.com\\\/\",\"logo\":{\"@type\":\"ImageObject\",\"inLanguage\":\"en-US\",\"@id\":\"https:\\\/\\\/www.la-comedie-de-pezenas.com\\\/#\\\/schema\\\/logo\\\/image\\\/\",\"url\":\"https:\\\/\\\/www.la-comedie-de-pezenas.com\\\/wp-content\\\/uploads\\\/2018\\\/01\\\/logo.jpg\",\"contentUrl\":\"https:\\\/\\\/www.la-comedie-de-pezenas.com\\\/wp-content\\\/uploads\\\/2018\\\/01\\\/logo.jpg\",\"width\":264,\"height\":240,\"caption\":\"La Com\u00e9die de P\u00e9zenas\"},\"image\":{\"@id\":\"https:\\\/\\\/www.la-comedie-de-pezenas.com\\\/#\\\/schema\\\/logo\\\/image\\\/\"},\"sameAs\":[\"https:\\\/\\\/www.facebook.com\\\/Comedie.Pezenas\"]},{\"@type\":\"Person\",\"@id\":\"https:\\\/\\\/www.la-comedie-de-pezenas.com\\\/#\\\/schema\\\/person\\\/2b0c91d274ec3ab6e9273ee3f4ea6c11\",\"name\":\"Olivier et Nathalie\",\"image\":{\"@type\":\"ImageObject\",\"inLanguage\":\"en-US\",\"@id\":\"https:\\\/\\\/secure.gravatar.com\\\/avatar\\\/09e944ce9ec62cf05f61a28522f5a9ebea98270ba169411cf6d9e7d570dfab8d?s=96&d=mm&r=g\",\"url\":\"https:\\\/\\\/secure.gravatar.com\\\/avatar\\\/09e944ce9ec62cf05f61a28522f5a9ebea98270ba169411cf6d9e7d570dfab8d?s=96&d=mm&r=g\",\"contentUrl\":\"https:\\\/\\\/secure.gravatar.com\\\/avatar\\\/09e944ce9ec62cf05f61a28522f5a9ebea98270ba169411cf6d9e7d570dfab8d?s=96&d=mm&r=g\",\"caption\":\"Olivier et Nathalie\"}}]}<\/script>\n<!-- \/ Yoast SEO plugin. -->","yoast_head_json":{"title":"Exposition d'Art \u00e0 P\u00e9zenas sur le th\u00e8me du vin par Karen, G\u00e9rard et No\u00e9 Garcia | La Com\u00e9die de P\u00e9zenas","robots":{"index":"index","follow":"follow","max-snippet":"max-snippet:-1","max-image-preview":"max-image-preview:large","max-video-preview":"max-video-preview:-1"},"canonical":"https:\/\/www.la-comedie-de-pezenas.com\/en\/2015\/05\/27\/artist\/exposition-dart-a-pezenas-sur-le-theme-du-vin-par-karen-gerard-et-noe-garcia\/","og_locale":"en_US","og_type":"article","og_title":"Exposition d'Art \u00e0 P\u00e9zenas sur le th\u00e8me du vin par Karen, G\u00e9rard et No\u00e9 Garcia | La Com\u00e9die de P\u00e9zenas","og_description":"Au domaine viticole de La Croix Gratiot, pr\u00e8s de Montagnac (34), le caveau met en sc\u00e8ne aussi bien les vins que les oeuvres expos\u00e9es. Il y a souvent une belle harmonie. Depuis quelques jours, on y trouve les p\u00e9pettes de G\u00e9rard Garcia, artiste plasticien, qui aime \u00e0 croquer des personnages au travers de figurines souvent [&hellip;]","og_url":"https:\/\/www.la-comedie-de-pezenas.com\/en\/2015\/05\/27\/artist\/exposition-dart-a-pezenas-sur-le-theme-du-vin-par-karen-gerard-et-noe-garcia\/","og_site_name":"La Com\u00e9die de P\u00e9zenas","article_publisher":"https:\/\/www.facebook.com\/Comedie.Pezenas","article_published_time":"2015-05-27T07:17:04+00:00","author":"Olivier et Nathalie","twitter_misc":{"Written by":"Olivier et Nathalie","Est. reading time":"1 minute"},"schema":{"@context":"https:\/\/schema.org","@graph":[{"@type":"Article","@id":"https:\/\/www.la-comedie-de-pezenas.com\/en\/2015\/05\/27\/artist\/exposition-dart-a-pezenas-sur-le-theme-du-vin-par-karen-gerard-et-noe-garcia\/#article","isPartOf":{"@id":"https:\/\/www.la-comedie-de-pezenas.com\/en\/2015\/05\/27\/artist\/exposition-dart-a-pezenas-sur-le-theme-du-vin-par-karen-gerard-et-noe-garcia\/"},"author":{"name":"Olivier et Nathalie","@id":"https:\/\/www.la-comedie-de-pezenas.com\/#\/schema\/person\/2b0c91d274ec3ab6e9273ee3f4ea6c11"},"headline":"Exposition d&#8217;Art \u00e0 P\u00e9zenas sur le th\u00e8me du vin par Karen, G\u00e9rard et No\u00e9 Garcia","datePublished":"2015-05-27T07:17:04+00:00","mainEntityOfPage":{"@id":"https:\/\/www.la-comedie-de-pezenas.com\/en\/2015\/05\/27\/artist\/exposition-dart-a-pezenas-sur-le-theme-du-vin-par-karen-gerard-et-noe-garcia\/"},"wordCount":189,"publisher":{"@id":"https:\/\/www.la-comedie-de-pezenas.com\/#organization"},"image":{"@id":"https:\/\/www.la-comedie-de-pezenas.com\/en\/2015\/05\/27\/artist\/exposition-dart-a-pezenas-sur-le-theme-du-vin-par-karen-gerard-et-noe-garcia\/#primaryimage"},"thumbnailUrl":"","keywords":["artiste","garcia"],"articleSection":["Artist"],"inLanguage":"en-US"},{"@type":"WebPage","@id":"https:\/\/www.la-comedie-de-pezenas.com\/en\/2015\/05\/27\/artist\/exposition-dart-a-pezenas-sur-le-theme-du-vin-par-karen-gerard-et-noe-garcia\/","url":"https:\/\/www.la-comedie-de-pezenas.com\/en\/2015\/05\/27\/artist\/exposition-dart-a-pezenas-sur-le-theme-du-vin-par-karen-gerard-et-noe-garcia\/","name":"Exposition d'Art \u00e0 P\u00e9zenas sur le th\u00e8me du vin par Karen, G\u00e9rard et No\u00e9 Garcia | La Com\u00e9die de P\u00e9zenas","isPartOf":{"@id":"https:\/\/www.la-comedie-de-pezenas.com\/#website"},"primaryImageOfPage":{"@id":"https:\/\/www.la-comedie-de-pezenas.com\/en\/2015\/05\/27\/artist\/exposition-dart-a-pezenas-sur-le-theme-du-vin-par-karen-gerard-et-noe-garcia\/#primaryimage"},"image":{"@id":"https:\/\/www.la-comedie-de-pezenas.com\/en\/2015\/05\/27\/artist\/exposition-dart-a-pezenas-sur-le-theme-du-vin-par-karen-gerard-et-noe-garcia\/#primaryimage"},"thumbnailUrl":"","datePublished":"2015-05-27T07:17:04+00:00","breadcrumb":{"@id":"https:\/\/www.la-comedie-de-pezenas.com\/en\/2015\/05\/27\/artist\/exposition-dart-a-pezenas-sur-le-theme-du-vin-par-karen-gerard-et-noe-garcia\/#breadcrumb"},"inLanguage":"en-US","potentialAction":[{"@type":"ReadAction","target":["https:\/\/www.la-comedie-de-pezenas.com\/en\/2015\/05\/27\/artist\/exposition-dart-a-pezenas-sur-le-theme-du-vin-par-karen-gerard-et-noe-garcia\/"]}]},{"@type":"ImageObject","inLanguage":"en-US","@id":"https:\/\/www.la-comedie-de-pezenas.com\/en\/2015\/05\/27\/artist\/exposition-dart-a-pezenas-sur-le-theme-du-vin-par-karen-gerard-et-noe-garcia\/#primaryimage","url":"","contentUrl":""},{"@type":"BreadcrumbList","@id":"https:\/\/www.la-comedie-de-pezenas.com\/en\/2015\/05\/27\/artist\/exposition-dart-a-pezenas-sur-le-theme-du-vin-par-karen-gerard-et-noe-garcia\/#breadcrumb","itemListElement":[{"@type":"ListItem","position":1,"name":"Accueil","item":"https:\/\/www.la-comedie-de-pezenas.com\/"},{"@type":"ListItem","position":2,"name":"Exposition d&rsquo;Art \u00e0 P\u00e9zenas sur le th\u00e8me du vin par Karen, G\u00e9rard et No\u00e9 Garcia"}]},{"@type":"WebSite","@id":"https:\/\/www.la-comedie-de-pezenas.com\/#website","url":"https:\/\/www.la-comedie-de-pezenas.com\/","name":"La Com\u00e9die de P\u00e9zenas","description":"Vacances et s\u00e9jour gite et appartement location \u00e0 P\u00e9zenas","publisher":{"@id":"https:\/\/www.la-comedie-de-pezenas.com\/#organization"},"potentialAction":[{"@type":"SearchAction","target":{"@type":"EntryPoint","urlTemplate":"https:\/\/www.la-comedie-de-pezenas.com\/?s={search_term_string}"},"query-input":{"@type":"PropertyValueSpecification","valueRequired":true,"valueName":"search_term_string"}}],"inLanguage":"en-US"},{"@type":"Organization","@id":"https:\/\/www.la-comedie-de-pezenas.com\/#organization","name":"La Com\u00e9die de P\u00e9zenas","url":"https:\/\/www.la-comedie-de-pezenas.com\/","logo":{"@type":"ImageObject","inLanguage":"en-US","@id":"https:\/\/www.la-comedie-de-pezenas.com\/#\/schema\/logo\/image\/","url":"https:\/\/www.la-comedie-de-pezenas.com\/wp-content\/uploads\/2018\/01\/logo.jpg","contentUrl":"https:\/\/www.la-comedie-de-pezenas.com\/wp-content\/uploads\/2018\/01\/logo.jpg","width":264,"height":240,"caption":"La Com\u00e9die de P\u00e9zenas"},"image":{"@id":"https:\/\/www.la-comedie-de-pezenas.com\/#\/schema\/logo\/image\/"},"sameAs":["https:\/\/www.facebook.com\/Comedie.Pezenas"]},{"@type":"Person","@id":"https:\/\/www.la-comedie-de-pezenas.com\/#\/schema\/person\/2b0c91d274ec3ab6e9273ee3f4ea6c11","name":"Olivier et Nathalie","image":{"@type":"ImageObject","inLanguage":"en-US","@id":"https:\/\/secure.gravatar.com\/avatar\/09e944ce9ec62cf05f61a28522f5a9ebea98270ba169411cf6d9e7d570dfab8d?s=96&d=mm&r=g","url":"https:\/\/secure.gravatar.com\/avatar\/09e944ce9ec62cf05f61a28522f5a9ebea98270ba169411cf6d9e7d570dfab8d?s=96&d=mm&r=g","contentUrl":"https:\/\/secure.gravatar.com\/avatar\/09e944ce9ec62cf05f61a28522f5a9ebea98270ba169411cf6d9e7d570dfab8d?s=96&d=mm&r=g","caption":"Olivier et Nathalie"}}]}},"_links":{"self":[{"href":"https:\/\/www.la-comedie-de-pezenas.com\/en\/wp-json\/wp\/v2\/posts\/847","targetHints":{"allow":["GET"]}}],"collection":[{"href":"https:\/\/www.la-comedie-de-pezenas.com\/en\/wp-json\/wp\/v2\/posts"}],"about":[{"href":"https:\/\/www.la-comedie-de-pezenas.com\/en\/wp-json\/wp\/v2\/types\/post"}],"author":[{"embeddable":true,"href":"https:\/\/www.la-comedie-de-pezenas.com\/en\/wp-json\/wp\/v2\/users\/1"}],"replies":[{"embeddable":true,"href":"https:\/\/www.la-comedie-de-pezenas.com\/en\/wp-json\/wp\/v2\/comments?post=847"}],"version-history":[{"count":0,"href":"https:\/\/www.la-comedie-de-pezenas.com\/en\/wp-json\/wp\/v2\/posts\/847\/revisions"}],"wp:featuredmedia":[{"embeddable":true,"href":"https:\/\/www.la-comedie-de-pezenas.com\/en\/wp-json\/"}],"wp:attachment":[{"href":"https:\/\/www.la-comedie-de-pezenas.com\/en\/wp-json\/wp\/v2\/media?parent=847"}],"wp:term":[{"taxonomy":"category","embeddable":true,"href":"https:\/\/www.la-comedie-de-pezenas.com\/en\/wp-json\/wp\/v2\/categories?post=847"},{"taxonomy":"post_tag","embeddable":true,"href":"https:\/\/www.la-comedie-de-pezenas.com\/en\/wp-json\/wp\/v2\/tags?post=847"}],"curies":[{"name":"wp","href":"https:\/\/api.w.org\/{rel}","templated":true}]}}