{"id":605,"date":"2015-04-10T10:07:51","date_gmt":"2015-04-10T10:07:51","guid":{"rendered":"http:\/\/www.la-comedie-de-pezenas.com\/?p=605"},"modified":"2015-04-10T10:07:51","modified_gmt":"2015-04-10T10:07:51","slug":"one-of-the-best-festival-at-pezenas-the-printival-100-french-songs","status":"publish","type":"post","link":"https:\/\/www.la-comedie-de-pezenas.com\/en\/2015\/04\/10\/artist\/one-of-the-best-festival-at-pezenas-the-printival-100-french-songs\/","title":{"rendered":"One of the best festival at P\u00e9zenas : The Printival, 100% french songs"},"content":{"rendered":"<p><strong>The Printival<\/strong> is a festival of French songs which takes place in April at P\u00e9zenas and honours <strong>Boby Lapointe<\/strong>, born in this same town in 1922. All the generosity, humour and imagination of this unusual person are bound up in the spirit of the <strong>Printival<\/strong>, started in 2000 by the singer\u2019s own son, Jacky Lapointe, and now directed by his granddaughter Dany Lapointe.<\/p>\n<p>For four days, Moli\u00e8re\u2019s town vibrates to the sounds of the concerts which follow one another with established artistes &#8211; Thomas Fersen, Renan Luce, Anne Sylvestre, Hubert-F\u00e9lix Thi\u00e9faine \u2013 and young talent from the new French scene. Entertainments for a young audience, open-air cinema, unconventional exhibitions and activities in the town centre enrich the programme of this &#8220;festival of friendship &#8220;.<\/p>\n<p><strong>Further information:<\/strong><br \/>\n<a title=\"the printival\" href=\"http:\/\/www.printivalbobylapointe.com\/\" target=\"_blank\">www.printivalbobylapointe.com<\/a><\/p>\n","protected":false},"excerpt":{"rendered":"<p>The Printival is a festival of French songs which takes place in April at P\u00e9zenas and honours Boby Lapointe, born in this same town in 1922. All the generosity, humour and imagination of this unusual person are bound up in the spirit of the Printival, started in 2000 by the singer\u2019s own son, Jacky Lapointe, [&hellip;]<\/p>\n","protected":false},"author":1,"featured_media":606,"comment_status":"closed","ping_status":"open","sticky":false,"template":"","format":"standard","meta":{"_et_pb_use_builder":"","_et_pb_old_content":"","_et_gb_content_width":"","footnotes":""},"categories":[6],"tags":[77,78,79,80],"class_list":["post-605","post","type-post","status-publish","format-standard","has-post-thumbnail","hentry","category-artist","tag-boby-lapointe-en","tag-festival-en","tag-french-songs","tag-printival-en"],"yoast_head":"<!-- This site is optimized with the Yoast SEO plugin v27.4 - https:\/\/yoast.com\/product\/yoast-seo-wordpress\/ -->\n<title>One of the best festival at P\u00e9zenas : The Printival, 100% french songs | La Com\u00e9die de P\u00e9zenas<\/title>\n<meta name=\"robots\" content=\"index, follow, max-snippet:-1, max-image-preview:large, max-video-preview:-1\" \/>\n<link rel=\"canonical\" href=\"https:\/\/www.la-comedie-de-pezenas.com\/en\/2015\/04\/10\/artist\/one-of-the-best-festival-at-pezenas-the-printival-100-french-songs\/\" \/>\n<meta property=\"og:locale\" content=\"en_US\" \/>\n<meta property=\"og:type\" content=\"article\" \/>\n<meta property=\"og:title\" content=\"One of the best festival at P\u00e9zenas : The Printival, 100% french songs | La Com\u00e9die de P\u00e9zenas\" \/>\n<meta property=\"og:description\" content=\"The Printival is a festival of French songs which takes place in April at P\u00e9zenas and honours Boby Lapointe, born in this same town in 1922. All the generosity, humour and imagination of this unusual person are bound up in the spirit of the Printival, started in 2000 by the singer\u2019s own son, Jacky Lapointe, [&hellip;]\" \/>\n<meta property=\"og:url\" content=\"https:\/\/www.la-comedie-de-pezenas.com\/en\/2015\/04\/10\/artist\/one-of-the-best-festival-at-pezenas-the-printival-100-french-songs\/\" \/>\n<meta property=\"og:site_name\" content=\"La Com\u00e9die de P\u00e9zenas\" \/>\n<meta property=\"article:publisher\" content=\"https:\/\/www.facebook.com\/Comedie.Pezenas\" \/>\n<meta property=\"article:published_time\" content=\"2015-04-10T10:07:51+00:00\" \/>\n<meta name=\"author\" content=\"Olivier et Nathalie\" \/>\n<meta name=\"twitter:label1\" content=\"Written by\" \/>\n\t<meta name=\"twitter:data1\" content=\"Olivier et Nathalie\" \/>\n\t<meta name=\"twitter:label2\" content=\"Est. reading time\" \/>\n\t<meta name=\"twitter:data2\" content=\"1 minute\" \/>\n<script type=\"application\/ld+json\" class=\"yoast-schema-graph\">{\"@context\":\"https:\\\/\\\/schema.org\",\"@graph\":[{\"@type\":\"Article\",\"@id\":\"https:\\\/\\\/www.la-comedie-de-pezenas.com\\\/en\\\/2015\\\/04\\\/10\\\/artist\\\/one-of-the-best-festival-at-pezenas-the-printival-100-french-songs\\\/#article\",\"isPartOf\":{\"@id\":\"https:\\\/\\\/www.la-comedie-de-pezenas.com\\\/en\\\/2015\\\/04\\\/10\\\/artist\\\/one-of-the-best-festival-at-pezenas-the-printival-100-french-songs\\\/\"},\"author\":{\"name\":\"Olivier et Nathalie\",\"@id\":\"https:\\\/\\\/www.la-comedie-de-pezenas.com\\\/#\\\/schema\\\/person\\\/2b0c91d274ec3ab6e9273ee3f4ea6c11\"},\"headline\":\"One of the best festival at P\u00e9zenas : The Printival, 100% french songs\",\"datePublished\":\"2015-04-10T10:07:51+00:00\",\"mainEntityOfPage\":{\"@id\":\"https:\\\/\\\/www.la-comedie-de-pezenas.com\\\/en\\\/2015\\\/04\\\/10\\\/artist\\\/one-of-the-best-festival-at-pezenas-the-printival-100-french-songs\\\/\"},\"wordCount\":143,\"publisher\":{\"@id\":\"https:\\\/\\\/www.la-comedie-de-pezenas.com\\\/#organization\"},\"image\":{\"@id\":\"https:\\\/\\\/www.la-comedie-de-pezenas.com\\\/en\\\/2015\\\/04\\\/10\\\/artist\\\/one-of-the-best-festival-at-pezenas-the-printival-100-french-songs\\\/#primaryimage\"},\"thumbnailUrl\":\"\",\"keywords\":[\"boby lapointe @en\",\"festival @en\",\"french songs\",\"printival @en\"],\"articleSection\":[\"Artist\"],\"inLanguage\":\"en-US\"},{\"@type\":\"WebPage\",\"@id\":\"https:\\\/\\\/www.la-comedie-de-pezenas.com\\\/en\\\/2015\\\/04\\\/10\\\/artist\\\/one-of-the-best-festival-at-pezenas-the-printival-100-french-songs\\\/\",\"url\":\"https:\\\/\\\/www.la-comedie-de-pezenas.com\\\/en\\\/2015\\\/04\\\/10\\\/artist\\\/one-of-the-best-festival-at-pezenas-the-printival-100-french-songs\\\/\",\"name\":\"One of the best festival at P\u00e9zenas : The Printival, 100% french songs | La Com\u00e9die de P\u00e9zenas\",\"isPartOf\":{\"@id\":\"https:\\\/\\\/www.la-comedie-de-pezenas.com\\\/#website\"},\"primaryImageOfPage\":{\"@id\":\"https:\\\/\\\/www.la-comedie-de-pezenas.com\\\/en\\\/2015\\\/04\\\/10\\\/artist\\\/one-of-the-best-festival-at-pezenas-the-printival-100-french-songs\\\/#primaryimage\"},\"image\":{\"@id\":\"https:\\\/\\\/www.la-comedie-de-pezenas.com\\\/en\\\/2015\\\/04\\\/10\\\/artist\\\/one-of-the-best-festival-at-pezenas-the-printival-100-french-songs\\\/#primaryimage\"},\"thumbnailUrl\":\"\",\"datePublished\":\"2015-04-10T10:07:51+00:00\",\"breadcrumb\":{\"@id\":\"https:\\\/\\\/www.la-comedie-de-pezenas.com\\\/en\\\/2015\\\/04\\\/10\\\/artist\\\/one-of-the-best-festival-at-pezenas-the-printival-100-french-songs\\\/#breadcrumb\"},\"inLanguage\":\"en-US\",\"potentialAction\":[{\"@type\":\"ReadAction\",\"target\":[\"https:\\\/\\\/www.la-comedie-de-pezenas.com\\\/en\\\/2015\\\/04\\\/10\\\/artist\\\/one-of-the-best-festival-at-pezenas-the-printival-100-french-songs\\\/\"]}]},{\"@type\":\"ImageObject\",\"inLanguage\":\"en-US\",\"@id\":\"https:\\\/\\\/www.la-comedie-de-pezenas.com\\\/en\\\/2015\\\/04\\\/10\\\/artist\\\/one-of-the-best-festival-at-pezenas-the-printival-100-french-songs\\\/#primaryimage\",\"url\":\"\",\"contentUrl\":\"\"},{\"@type\":\"BreadcrumbList\",\"@id\":\"https:\\\/\\\/www.la-comedie-de-pezenas.com\\\/en\\\/2015\\\/04\\\/10\\\/artist\\\/one-of-the-best-festival-at-pezenas-the-printival-100-french-songs\\\/#breadcrumb\",\"itemListElement\":[{\"@type\":\"ListItem\",\"position\":1,\"name\":\"Accueil\",\"item\":\"https:\\\/\\\/www.la-comedie-de-pezenas.com\\\/\"},{\"@type\":\"ListItem\",\"position\":2,\"name\":\"One of the best festival at P\u00e9zenas : The Printival, 100% french songs\"}]},{\"@type\":\"WebSite\",\"@id\":\"https:\\\/\\\/www.la-comedie-de-pezenas.com\\\/#website\",\"url\":\"https:\\\/\\\/www.la-comedie-de-pezenas.com\\\/\",\"name\":\"La Com\u00e9die de P\u00e9zenas\",\"description\":\"Vacances et s\u00e9jour gite et appartement location \u00e0 P\u00e9zenas\",\"publisher\":{\"@id\":\"https:\\\/\\\/www.la-comedie-de-pezenas.com\\\/#organization\"},\"potentialAction\":[{\"@type\":\"SearchAction\",\"target\":{\"@type\":\"EntryPoint\",\"urlTemplate\":\"https:\\\/\\\/www.la-comedie-de-pezenas.com\\\/?s={search_term_string}\"},\"query-input\":{\"@type\":\"PropertyValueSpecification\",\"valueRequired\":true,\"valueName\":\"search_term_string\"}}],\"inLanguage\":\"en-US\"},{\"@type\":\"Organization\",\"@id\":\"https:\\\/\\\/www.la-comedie-de-pezenas.com\\\/#organization\",\"name\":\"La Com\u00e9die de P\u00e9zenas\",\"url\":\"https:\\\/\\\/www.la-comedie-de-pezenas.com\\\/\",\"logo\":{\"@type\":\"ImageObject\",\"inLanguage\":\"en-US\",\"@id\":\"https:\\\/\\\/www.la-comedie-de-pezenas.com\\\/#\\\/schema\\\/logo\\\/image\\\/\",\"url\":\"https:\\\/\\\/www.la-comedie-de-pezenas.com\\\/wp-content\\\/uploads\\\/2018\\\/01\\\/logo.jpg\",\"contentUrl\":\"https:\\\/\\\/www.la-comedie-de-pezenas.com\\\/wp-content\\\/uploads\\\/2018\\\/01\\\/logo.jpg\",\"width\":264,\"height\":240,\"caption\":\"La Com\u00e9die de P\u00e9zenas\"},\"image\":{\"@id\":\"https:\\\/\\\/www.la-comedie-de-pezenas.com\\\/#\\\/schema\\\/logo\\\/image\\\/\"},\"sameAs\":[\"https:\\\/\\\/www.facebook.com\\\/Comedie.Pezenas\"]},{\"@type\":\"Person\",\"@id\":\"https:\\\/\\\/www.la-comedie-de-pezenas.com\\\/#\\\/schema\\\/person\\\/2b0c91d274ec3ab6e9273ee3f4ea6c11\",\"name\":\"Olivier et Nathalie\",\"image\":{\"@type\":\"ImageObject\",\"inLanguage\":\"en-US\",\"@id\":\"https:\\\/\\\/secure.gravatar.com\\\/avatar\\\/09e944ce9ec62cf05f61a28522f5a9ebea98270ba169411cf6d9e7d570dfab8d?s=96&d=mm&r=g\",\"url\":\"https:\\\/\\\/secure.gravatar.com\\\/avatar\\\/09e944ce9ec62cf05f61a28522f5a9ebea98270ba169411cf6d9e7d570dfab8d?s=96&d=mm&r=g\",\"contentUrl\":\"https:\\\/\\\/secure.gravatar.com\\\/avatar\\\/09e944ce9ec62cf05f61a28522f5a9ebea98270ba169411cf6d9e7d570dfab8d?s=96&d=mm&r=g\",\"caption\":\"Olivier et Nathalie\"}}]}<\/script>\n<!-- \/ Yoast SEO plugin. -->","yoast_head_json":{"title":"One of the best festival at P\u00e9zenas : The Printival, 100% french songs | La Com\u00e9die de P\u00e9zenas","robots":{"index":"index","follow":"follow","max-snippet":"max-snippet:-1","max-image-preview":"max-image-preview:large","max-video-preview":"max-video-preview:-1"},"canonical":"https:\/\/www.la-comedie-de-pezenas.com\/en\/2015\/04\/10\/artist\/one-of-the-best-festival-at-pezenas-the-printival-100-french-songs\/","og_locale":"en_US","og_type":"article","og_title":"One of the best festival at P\u00e9zenas : The Printival, 100% french songs | La Com\u00e9die de P\u00e9zenas","og_description":"The Printival is a festival of French songs which takes place in April at P\u00e9zenas and honours Boby Lapointe, born in this same town in 1922. All the generosity, humour and imagination of this unusual person are bound up in the spirit of the Printival, started in 2000 by the singer\u2019s own son, Jacky Lapointe, [&hellip;]","og_url":"https:\/\/www.la-comedie-de-pezenas.com\/en\/2015\/04\/10\/artist\/one-of-the-best-festival-at-pezenas-the-printival-100-french-songs\/","og_site_name":"La Com\u00e9die de P\u00e9zenas","article_publisher":"https:\/\/www.facebook.com\/Comedie.Pezenas","article_published_time":"2015-04-10T10:07:51+00:00","author":"Olivier et Nathalie","twitter_misc":{"Written by":"Olivier et Nathalie","Est. reading time":"1 minute"},"schema":{"@context":"https:\/\/schema.org","@graph":[{"@type":"Article","@id":"https:\/\/www.la-comedie-de-pezenas.com\/en\/2015\/04\/10\/artist\/one-of-the-best-festival-at-pezenas-the-printival-100-french-songs\/#article","isPartOf":{"@id":"https:\/\/www.la-comedie-de-pezenas.com\/en\/2015\/04\/10\/artist\/one-of-the-best-festival-at-pezenas-the-printival-100-french-songs\/"},"author":{"name":"Olivier et Nathalie","@id":"https:\/\/www.la-comedie-de-pezenas.com\/#\/schema\/person\/2b0c91d274ec3ab6e9273ee3f4ea6c11"},"headline":"One of the best festival at P\u00e9zenas : The Printival, 100% french songs","datePublished":"2015-04-10T10:07:51+00:00","mainEntityOfPage":{"@id":"https:\/\/www.la-comedie-de-pezenas.com\/en\/2015\/04\/10\/artist\/one-of-the-best-festival-at-pezenas-the-printival-100-french-songs\/"},"wordCount":143,"publisher":{"@id":"https:\/\/www.la-comedie-de-pezenas.com\/#organization"},"image":{"@id":"https:\/\/www.la-comedie-de-pezenas.com\/en\/2015\/04\/10\/artist\/one-of-the-best-festival-at-pezenas-the-printival-100-french-songs\/#primaryimage"},"thumbnailUrl":"","keywords":["boby lapointe @en","festival @en","french songs","printival @en"],"articleSection":["Artist"],"inLanguage":"en-US"},{"@type":"WebPage","@id":"https:\/\/www.la-comedie-de-pezenas.com\/en\/2015\/04\/10\/artist\/one-of-the-best-festival-at-pezenas-the-printival-100-french-songs\/","url":"https:\/\/www.la-comedie-de-pezenas.com\/en\/2015\/04\/10\/artist\/one-of-the-best-festival-at-pezenas-the-printival-100-french-songs\/","name":"One of the best festival at P\u00e9zenas : The Printival, 100% french songs | La Com\u00e9die de P\u00e9zenas","isPartOf":{"@id":"https:\/\/www.la-comedie-de-pezenas.com\/#website"},"primaryImageOfPage":{"@id":"https:\/\/www.la-comedie-de-pezenas.com\/en\/2015\/04\/10\/artist\/one-of-the-best-festival-at-pezenas-the-printival-100-french-songs\/#primaryimage"},"image":{"@id":"https:\/\/www.la-comedie-de-pezenas.com\/en\/2015\/04\/10\/artist\/one-of-the-best-festival-at-pezenas-the-printival-100-french-songs\/#primaryimage"},"thumbnailUrl":"","datePublished":"2015-04-10T10:07:51+00:00","breadcrumb":{"@id":"https:\/\/www.la-comedie-de-pezenas.com\/en\/2015\/04\/10\/artist\/one-of-the-best-festival-at-pezenas-the-printival-100-french-songs\/#breadcrumb"},"inLanguage":"en-US","potentialAction":[{"@type":"ReadAction","target":["https:\/\/www.la-comedie-de-pezenas.com\/en\/2015\/04\/10\/artist\/one-of-the-best-festival-at-pezenas-the-printival-100-french-songs\/"]}]},{"@type":"ImageObject","inLanguage":"en-US","@id":"https:\/\/www.la-comedie-de-pezenas.com\/en\/2015\/04\/10\/artist\/one-of-the-best-festival-at-pezenas-the-printival-100-french-songs\/#primaryimage","url":"","contentUrl":""},{"@type":"BreadcrumbList","@id":"https:\/\/www.la-comedie-de-pezenas.com\/en\/2015\/04\/10\/artist\/one-of-the-best-festival-at-pezenas-the-printival-100-french-songs\/#breadcrumb","itemListElement":[{"@type":"ListItem","position":1,"name":"Accueil","item":"https:\/\/www.la-comedie-de-pezenas.com\/"},{"@type":"ListItem","position":2,"name":"One of the best festival at P\u00e9zenas : The Printival, 100% french songs"}]},{"@type":"WebSite","@id":"https:\/\/www.la-comedie-de-pezenas.com\/#website","url":"https:\/\/www.la-comedie-de-pezenas.com\/","name":"La Com\u00e9die de P\u00e9zenas","description":"Vacances et s\u00e9jour gite et appartement location \u00e0 P\u00e9zenas","publisher":{"@id":"https:\/\/www.la-comedie-de-pezenas.com\/#organization"},"potentialAction":[{"@type":"SearchAction","target":{"@type":"EntryPoint","urlTemplate":"https:\/\/www.la-comedie-de-pezenas.com\/?s={search_term_string}"},"query-input":{"@type":"PropertyValueSpecification","valueRequired":true,"valueName":"search_term_string"}}],"inLanguage":"en-US"},{"@type":"Organization","@id":"https:\/\/www.la-comedie-de-pezenas.com\/#organization","name":"La Com\u00e9die de P\u00e9zenas","url":"https:\/\/www.la-comedie-de-pezenas.com\/","logo":{"@type":"ImageObject","inLanguage":"en-US","@id":"https:\/\/www.la-comedie-de-pezenas.com\/#\/schema\/logo\/image\/","url":"https:\/\/www.la-comedie-de-pezenas.com\/wp-content\/uploads\/2018\/01\/logo.jpg","contentUrl":"https:\/\/www.la-comedie-de-pezenas.com\/wp-content\/uploads\/2018\/01\/logo.jpg","width":264,"height":240,"caption":"La Com\u00e9die de P\u00e9zenas"},"image":{"@id":"https:\/\/www.la-comedie-de-pezenas.com\/#\/schema\/logo\/image\/"},"sameAs":["https:\/\/www.facebook.com\/Comedie.Pezenas"]},{"@type":"Person","@id":"https:\/\/www.la-comedie-de-pezenas.com\/#\/schema\/person\/2b0c91d274ec3ab6e9273ee3f4ea6c11","name":"Olivier et Nathalie","image":{"@type":"ImageObject","inLanguage":"en-US","@id":"https:\/\/secure.gravatar.com\/avatar\/09e944ce9ec62cf05f61a28522f5a9ebea98270ba169411cf6d9e7d570dfab8d?s=96&d=mm&r=g","url":"https:\/\/secure.gravatar.com\/avatar\/09e944ce9ec62cf05f61a28522f5a9ebea98270ba169411cf6d9e7d570dfab8d?s=96&d=mm&r=g","contentUrl":"https:\/\/secure.gravatar.com\/avatar\/09e944ce9ec62cf05f61a28522f5a9ebea98270ba169411cf6d9e7d570dfab8d?s=96&d=mm&r=g","caption":"Olivier et Nathalie"}}]}},"_links":{"self":[{"href":"https:\/\/www.la-comedie-de-pezenas.com\/en\/wp-json\/wp\/v2\/posts\/605","targetHints":{"allow":["GET"]}}],"collection":[{"href":"https:\/\/www.la-comedie-de-pezenas.com\/en\/wp-json\/wp\/v2\/posts"}],"about":[{"href":"https:\/\/www.la-comedie-de-pezenas.com\/en\/wp-json\/wp\/v2\/types\/post"}],"author":[{"embeddable":true,"href":"https:\/\/www.la-comedie-de-pezenas.com\/en\/wp-json\/wp\/v2\/users\/1"}],"replies":[{"embeddable":true,"href":"https:\/\/www.la-comedie-de-pezenas.com\/en\/wp-json\/wp\/v2\/comments?post=605"}],"version-history":[{"count":0,"href":"https:\/\/www.la-comedie-de-pezenas.com\/en\/wp-json\/wp\/v2\/posts\/605\/revisions"}],"wp:featuredmedia":[{"embeddable":true,"href":"https:\/\/www.la-comedie-de-pezenas.com\/en\/wp-json\/"}],"wp:attachment":[{"href":"https:\/\/www.la-comedie-de-pezenas.com\/en\/wp-json\/wp\/v2\/media?parent=605"}],"wp:term":[{"taxonomy":"category","embeddable":true,"href":"https:\/\/www.la-comedie-de-pezenas.com\/en\/wp-json\/wp\/v2\/categories?post=605"},{"taxonomy":"post_tag","embeddable":true,"href":"https:\/\/www.la-comedie-de-pezenas.com\/en\/wp-json\/wp\/v2\/tags?post=605"}],"curies":[{"name":"wp","href":"https:\/\/api.w.org\/{rel}","templated":true}]}}