{"id":389,"date":"2014-10-17T09:33:44","date_gmt":"2014-10-17T09:33:44","guid":{"rendered":"http:\/\/la-comedie-de-pezenas.com\/?p=389"},"modified":"2018-01-30T08:58:25","modified_gmt":"2018-01-30T07:58:25","slug":"the-languedoc-the-real-south-of-france-rent-self-catering-apartment","status":"publish","type":"post","link":"https:\/\/www.la-comedie-de-pezenas.com\/en\/2014\/10\/17\/famous-sites\/the-languedoc-the-real-south-of-france-rent-self-catering-apartment\/","title":{"rendered":"The Languedoc : the real south of france, rent a self catering apartment"},"content":{"rendered":"<p>Need a break and the <span style=\"font-style: normal;\">perfect place to escape the hassles of daily life<\/span>\u00a0?\u00a0 In the Languedoc region,\u00a0you&#8217;ll enjoy\u00a0places that exceed your wildest expectations!<\/p>\n<div class=\"ensemble_paragraphe first\" style=\"color: #000000;\">\n<div class=\"paragraph\">\n<div class=\"text\" style=\"color: #505050;\">\n<p style=\"font-weight: inherit; color: #505050;\"><strong>Between\u00a0<span style=\"color: #515c64;\">wine-growing villages and sandy coastlines of<\/span>\u00a0the\u00a0Mediterranean Sea, your delightful home away from home in the Languedoc\u00a0is only a few clicks away !<\/strong><\/p>\n<\/div>\n<\/div>\n<\/div>\n<p>2014\u00a0is amazing in Languedoc. Even in October, you can still swim in the sea and walk\u00a0along the 12-mile spit of land that takes you from S\u00e8te to Cap d&#8217;Agde, and you won&#8217;t have to fight the crowds, even at the height of the season.<\/p>\n<p>In the\u00a0Renaissance town of P\u00e9zenas, La Com\u00e9die de P\u00e9zenas\u00a0<span style=\"color: #000000;\">will enable you to experience all the delights of a new area, but without leaving behind the comforts of home.\u00a0<\/span>The town&#8217;s grand private residences, the h\u00f4tels particuliers, contain inner courtyards with elaborate stone balustrades, arches and other wonderfully exotic flourishes. The inhabitants make the city so dynamic using historic facts. Moli\u00e8re spent some time here during an itinerant period of his life, and the town plays up the association, invoking his spirit with festivals celebrating 17th-century life.<\/p>\n<p><a href=\"\/?p=380\" rel=\"attachment wp-att-380\"><img loading=\"lazy\" decoding=\"async\" class=\"alignleft wp-image-380 size-medium\" src=\"http:\/\/la-comedie-de-pezenas.com\/wp-content\/uploads\/2014\/10\/mus\u00e9e-de-la-porte-entr\u00e9e-gratuite-198x300.jpg\" alt=\"mus\u00e9e de la porte \u00e0 p\u00e9zenas\" width=\"198\" height=\"300\" \/><\/a><\/p>\n<p>Even if the summer is behind us, there is plenty of\u00a0activities to do in P\u00e9zenas and in Languedoc Region.<\/p>\n<p><span style=\"color: #222222;\">The rich and varied history and architecture of P\u00e9zenas has drawn\u00a0 artisans skilled in restoration (wood, metal and stone) and stage work. Many other craft trades have joined them; some fifty artisans are now\u00a0 operating all year round. This has won P\u00e9zenas the label of \u201cVille et m\u00e9tiers d\u2019art\u201d (town of arts and crafts).<\/span><\/p>\n<p>For wine lover, Pezenas Appellation is the right place. We will show you<span style=\"color: #222222;\">\u00a0several estates respectful of the environment, from the wine grape cultivation to the bottle. You will meet great winemakers who will welcome you with great pleasure to discover the life of a wine grower and taste wines.<\/span><\/p>\n<p><span style=\"color: #000000;\">Enjoy your bed apartment, within walking distance of the ancient town, the shopping centre and the theater with all the amenities required for a comfortable stay, including access to a free\u00a0wi-fi.<\/span><\/p>\n<p>We will be glad to welcome you at P\u00e9zenas. Please, make your booking sending us an email to <a href=\"mailto:reservation@la-comedie-de-pezenas.com\">reservation@la-comedie-de-pezenas.com<\/a> or feel free to call us : +33\u00a0(0)7 64 07 58 83.<br \/>\nWe will have some surprise for you during your stay.<\/p>\n","protected":false},"excerpt":{"rendered":"<p>Need a break and the perfect place to escape the hassles of daily life\u00a0?\u00a0 In the Languedoc region,\u00a0you&#8217;ll enjoy\u00a0places that exceed your wildest expectations! Between\u00a0wine-growing villages and sandy coastlines of\u00a0the\u00a0Mediterranean Sea, your delightful home away from home in the Languedoc\u00a0is only a few clicks away ! 2014\u00a0is amazing in Languedoc. Even in October, you can [&hellip;]<\/p>\n","protected":false},"author":1,"featured_media":383,"comment_status":"closed","ping_status":"open","sticky":false,"template":"","format":"standard","meta":{"_et_pb_use_builder":"","_et_pb_old_content":"","_et_gb_content_width":"","footnotes":""},"categories":[16],"tags":[27,28,29,30,31,32],"class_list":["post-389","post","type-post","status-publish","format-standard","has-post-thumbnail","hentry","category-famous-sites","tag-beaches","tag-holidays","tag-languedoc-en","tag-october","tag-pezenas-en","tag-sun"],"yoast_head":"<!-- This site is optimized with the Yoast SEO plugin v27.4 - https:\/\/yoast.com\/product\/yoast-seo-wordpress\/ -->\n<title>The Languedoc : the real south of france, rent a self catering apartment | La Com\u00e9die de P\u00e9zenas<\/title>\n<meta name=\"robots\" content=\"index, follow, max-snippet:-1, max-image-preview:large, max-video-preview:-1\" \/>\n<link rel=\"canonical\" href=\"https:\/\/www.la-comedie-de-pezenas.com\/en\/2014\/10\/17\/famous-sites\/the-languedoc-the-real-south-of-france-rent-self-catering-apartment\/\" \/>\n<meta property=\"og:locale\" content=\"en_US\" \/>\n<meta property=\"og:type\" content=\"article\" \/>\n<meta property=\"og:title\" content=\"The Languedoc : the real south of france, rent a self catering apartment | La Com\u00e9die de P\u00e9zenas\" \/>\n<meta property=\"og:description\" content=\"Need a break and the perfect place to escape the hassles of daily life\u00a0?\u00a0 In the Languedoc region,\u00a0you&#8217;ll enjoy\u00a0places that exceed your wildest expectations! Between\u00a0wine-growing villages and sandy coastlines of\u00a0the\u00a0Mediterranean Sea, your delightful home away from home in the Languedoc\u00a0is only a few clicks away ! 2014\u00a0is amazing in Languedoc. Even in October, you can [&hellip;]\" \/>\n<meta property=\"og:url\" content=\"https:\/\/www.la-comedie-de-pezenas.com\/en\/2014\/10\/17\/famous-sites\/the-languedoc-the-real-south-of-france-rent-self-catering-apartment\/\" \/>\n<meta property=\"og:site_name\" content=\"La Com\u00e9die de P\u00e9zenas\" \/>\n<meta property=\"article:publisher\" content=\"https:\/\/www.facebook.com\/Comedie.Pezenas\" \/>\n<meta property=\"article:published_time\" content=\"2014-10-17T09:33:44+00:00\" \/>\n<meta property=\"article:modified_time\" content=\"2018-01-30T07:58:25+00:00\" \/>\n<meta name=\"author\" content=\"Olivier et Nathalie\" \/>\n<meta name=\"twitter:label1\" content=\"Written by\" \/>\n\t<meta name=\"twitter:data1\" content=\"Olivier et Nathalie\" \/>\n\t<meta name=\"twitter:label2\" content=\"Est. reading time\" \/>\n\t<meta name=\"twitter:data2\" content=\"2 minutes\" \/>\n<script type=\"application\/ld+json\" class=\"yoast-schema-graph\">{\"@context\":\"https:\\\/\\\/schema.org\",\"@graph\":[{\"@type\":\"Article\",\"@id\":\"https:\\\/\\\/www.la-comedie-de-pezenas.com\\\/en\\\/2014\\\/10\\\/17\\\/famous-sites\\\/the-languedoc-the-real-south-of-france-rent-self-catering-apartment\\\/#article\",\"isPartOf\":{\"@id\":\"https:\\\/\\\/www.la-comedie-de-pezenas.com\\\/en\\\/2014\\\/10\\\/17\\\/famous-sites\\\/the-languedoc-the-real-south-of-france-rent-self-catering-apartment\\\/\"},\"author\":{\"name\":\"Olivier et Nathalie\",\"@id\":\"https:\\\/\\\/www.la-comedie-de-pezenas.com\\\/#\\\/schema\\\/person\\\/2b0c91d274ec3ab6e9273ee3f4ea6c11\"},\"headline\":\"The Languedoc : the real south of france, rent a self catering apartment\",\"datePublished\":\"2014-10-17T09:33:44+00:00\",\"dateModified\":\"2018-01-30T07:58:25+00:00\",\"mainEntityOfPage\":{\"@id\":\"https:\\\/\\\/www.la-comedie-de-pezenas.com\\\/en\\\/2014\\\/10\\\/17\\\/famous-sites\\\/the-languedoc-the-real-south-of-france-rent-self-catering-apartment\\\/\"},\"wordCount\":405,\"publisher\":{\"@id\":\"https:\\\/\\\/www.la-comedie-de-pezenas.com\\\/#organization\"},\"image\":{\"@id\":\"https:\\\/\\\/www.la-comedie-de-pezenas.com\\\/en\\\/2014\\\/10\\\/17\\\/famous-sites\\\/the-languedoc-the-real-south-of-france-rent-self-catering-apartment\\\/#primaryimage\"},\"thumbnailUrl\":\"\",\"keywords\":[\"beaches\",\"holidays\",\"languedoc @en\",\"october\",\"pezenas @en\",\"sun\"],\"articleSection\":[\"Famous Sites\"],\"inLanguage\":\"en-US\"},{\"@type\":\"WebPage\",\"@id\":\"https:\\\/\\\/www.la-comedie-de-pezenas.com\\\/en\\\/2014\\\/10\\\/17\\\/famous-sites\\\/the-languedoc-the-real-south-of-france-rent-self-catering-apartment\\\/\",\"url\":\"https:\\\/\\\/www.la-comedie-de-pezenas.com\\\/en\\\/2014\\\/10\\\/17\\\/famous-sites\\\/the-languedoc-the-real-south-of-france-rent-self-catering-apartment\\\/\",\"name\":\"The Languedoc : the real south of france, rent a self catering apartment | La Com\u00e9die de P\u00e9zenas\",\"isPartOf\":{\"@id\":\"https:\\\/\\\/www.la-comedie-de-pezenas.com\\\/#website\"},\"primaryImageOfPage\":{\"@id\":\"https:\\\/\\\/www.la-comedie-de-pezenas.com\\\/en\\\/2014\\\/10\\\/17\\\/famous-sites\\\/the-languedoc-the-real-south-of-france-rent-self-catering-apartment\\\/#primaryimage\"},\"image\":{\"@id\":\"https:\\\/\\\/www.la-comedie-de-pezenas.com\\\/en\\\/2014\\\/10\\\/17\\\/famous-sites\\\/the-languedoc-the-real-south-of-france-rent-self-catering-apartment\\\/#primaryimage\"},\"thumbnailUrl\":\"\",\"datePublished\":\"2014-10-17T09:33:44+00:00\",\"dateModified\":\"2018-01-30T07:58:25+00:00\",\"breadcrumb\":{\"@id\":\"https:\\\/\\\/www.la-comedie-de-pezenas.com\\\/en\\\/2014\\\/10\\\/17\\\/famous-sites\\\/the-languedoc-the-real-south-of-france-rent-self-catering-apartment\\\/#breadcrumb\"},\"inLanguage\":\"en-US\",\"potentialAction\":[{\"@type\":\"ReadAction\",\"target\":[\"https:\\\/\\\/www.la-comedie-de-pezenas.com\\\/en\\\/2014\\\/10\\\/17\\\/famous-sites\\\/the-languedoc-the-real-south-of-france-rent-self-catering-apartment\\\/\"]}]},{\"@type\":\"ImageObject\",\"inLanguage\":\"en-US\",\"@id\":\"https:\\\/\\\/www.la-comedie-de-pezenas.com\\\/en\\\/2014\\\/10\\\/17\\\/famous-sites\\\/the-languedoc-the-real-south-of-france-rent-self-catering-apartment\\\/#primaryimage\",\"url\":\"\",\"contentUrl\":\"\"},{\"@type\":\"BreadcrumbList\",\"@id\":\"https:\\\/\\\/www.la-comedie-de-pezenas.com\\\/en\\\/2014\\\/10\\\/17\\\/famous-sites\\\/the-languedoc-the-real-south-of-france-rent-self-catering-apartment\\\/#breadcrumb\",\"itemListElement\":[{\"@type\":\"ListItem\",\"position\":1,\"name\":\"Accueil\",\"item\":\"https:\\\/\\\/www.la-comedie-de-pezenas.com\\\/\"},{\"@type\":\"ListItem\",\"position\":2,\"name\":\"The Languedoc : the real south of france, rent a self catering apartment\"}]},{\"@type\":\"WebSite\",\"@id\":\"https:\\\/\\\/www.la-comedie-de-pezenas.com\\\/#website\",\"url\":\"https:\\\/\\\/www.la-comedie-de-pezenas.com\\\/\",\"name\":\"La Com\u00e9die de P\u00e9zenas\",\"description\":\"Vacances et s\u00e9jour gite et appartement location \u00e0 P\u00e9zenas\",\"publisher\":{\"@id\":\"https:\\\/\\\/www.la-comedie-de-pezenas.com\\\/#organization\"},\"potentialAction\":[{\"@type\":\"SearchAction\",\"target\":{\"@type\":\"EntryPoint\",\"urlTemplate\":\"https:\\\/\\\/www.la-comedie-de-pezenas.com\\\/?s={search_term_string}\"},\"query-input\":{\"@type\":\"PropertyValueSpecification\",\"valueRequired\":true,\"valueName\":\"search_term_string\"}}],\"inLanguage\":\"en-US\"},{\"@type\":\"Organization\",\"@id\":\"https:\\\/\\\/www.la-comedie-de-pezenas.com\\\/#organization\",\"name\":\"La Com\u00e9die de P\u00e9zenas\",\"url\":\"https:\\\/\\\/www.la-comedie-de-pezenas.com\\\/\",\"logo\":{\"@type\":\"ImageObject\",\"inLanguage\":\"en-US\",\"@id\":\"https:\\\/\\\/www.la-comedie-de-pezenas.com\\\/#\\\/schema\\\/logo\\\/image\\\/\",\"url\":\"https:\\\/\\\/www.la-comedie-de-pezenas.com\\\/wp-content\\\/uploads\\\/2018\\\/01\\\/logo.jpg\",\"contentUrl\":\"https:\\\/\\\/www.la-comedie-de-pezenas.com\\\/wp-content\\\/uploads\\\/2018\\\/01\\\/logo.jpg\",\"width\":264,\"height\":240,\"caption\":\"La Com\u00e9die de P\u00e9zenas\"},\"image\":{\"@id\":\"https:\\\/\\\/www.la-comedie-de-pezenas.com\\\/#\\\/schema\\\/logo\\\/image\\\/\"},\"sameAs\":[\"https:\\\/\\\/www.facebook.com\\\/Comedie.Pezenas\"]},{\"@type\":\"Person\",\"@id\":\"https:\\\/\\\/www.la-comedie-de-pezenas.com\\\/#\\\/schema\\\/person\\\/2b0c91d274ec3ab6e9273ee3f4ea6c11\",\"name\":\"Olivier et Nathalie\",\"image\":{\"@type\":\"ImageObject\",\"inLanguage\":\"en-US\",\"@id\":\"https:\\\/\\\/secure.gravatar.com\\\/avatar\\\/09e944ce9ec62cf05f61a28522f5a9ebea98270ba169411cf6d9e7d570dfab8d?s=96&d=mm&r=g\",\"url\":\"https:\\\/\\\/secure.gravatar.com\\\/avatar\\\/09e944ce9ec62cf05f61a28522f5a9ebea98270ba169411cf6d9e7d570dfab8d?s=96&d=mm&r=g\",\"contentUrl\":\"https:\\\/\\\/secure.gravatar.com\\\/avatar\\\/09e944ce9ec62cf05f61a28522f5a9ebea98270ba169411cf6d9e7d570dfab8d?s=96&d=mm&r=g\",\"caption\":\"Olivier et Nathalie\"}}]}<\/script>\n<!-- \/ Yoast SEO plugin. -->","yoast_head_json":{"title":"The Languedoc : the real south of france, rent a self catering apartment | La Com\u00e9die de P\u00e9zenas","robots":{"index":"index","follow":"follow","max-snippet":"max-snippet:-1","max-image-preview":"max-image-preview:large","max-video-preview":"max-video-preview:-1"},"canonical":"https:\/\/www.la-comedie-de-pezenas.com\/en\/2014\/10\/17\/famous-sites\/the-languedoc-the-real-south-of-france-rent-self-catering-apartment\/","og_locale":"en_US","og_type":"article","og_title":"The Languedoc : the real south of france, rent a self catering apartment | La Com\u00e9die de P\u00e9zenas","og_description":"Need a break and the perfect place to escape the hassles of daily life\u00a0?\u00a0 In the Languedoc region,\u00a0you&#8217;ll enjoy\u00a0places that exceed your wildest expectations! Between\u00a0wine-growing villages and sandy coastlines of\u00a0the\u00a0Mediterranean Sea, your delightful home away from home in the Languedoc\u00a0is only a few clicks away ! 2014\u00a0is amazing in Languedoc. Even in October, you can [&hellip;]","og_url":"https:\/\/www.la-comedie-de-pezenas.com\/en\/2014\/10\/17\/famous-sites\/the-languedoc-the-real-south-of-france-rent-self-catering-apartment\/","og_site_name":"La Com\u00e9die de P\u00e9zenas","article_publisher":"https:\/\/www.facebook.com\/Comedie.Pezenas","article_published_time":"2014-10-17T09:33:44+00:00","article_modified_time":"2018-01-30T07:58:25+00:00","author":"Olivier et Nathalie","twitter_misc":{"Written by":"Olivier et Nathalie","Est. reading time":"2 minutes"},"schema":{"@context":"https:\/\/schema.org","@graph":[{"@type":"Article","@id":"https:\/\/www.la-comedie-de-pezenas.com\/en\/2014\/10\/17\/famous-sites\/the-languedoc-the-real-south-of-france-rent-self-catering-apartment\/#article","isPartOf":{"@id":"https:\/\/www.la-comedie-de-pezenas.com\/en\/2014\/10\/17\/famous-sites\/the-languedoc-the-real-south-of-france-rent-self-catering-apartment\/"},"author":{"name":"Olivier et Nathalie","@id":"https:\/\/www.la-comedie-de-pezenas.com\/#\/schema\/person\/2b0c91d274ec3ab6e9273ee3f4ea6c11"},"headline":"The Languedoc : the real south of france, rent a self catering apartment","datePublished":"2014-10-17T09:33:44+00:00","dateModified":"2018-01-30T07:58:25+00:00","mainEntityOfPage":{"@id":"https:\/\/www.la-comedie-de-pezenas.com\/en\/2014\/10\/17\/famous-sites\/the-languedoc-the-real-south-of-france-rent-self-catering-apartment\/"},"wordCount":405,"publisher":{"@id":"https:\/\/www.la-comedie-de-pezenas.com\/#organization"},"image":{"@id":"https:\/\/www.la-comedie-de-pezenas.com\/en\/2014\/10\/17\/famous-sites\/the-languedoc-the-real-south-of-france-rent-self-catering-apartment\/#primaryimage"},"thumbnailUrl":"","keywords":["beaches","holidays","languedoc @en","october","pezenas @en","sun"],"articleSection":["Famous Sites"],"inLanguage":"en-US"},{"@type":"WebPage","@id":"https:\/\/www.la-comedie-de-pezenas.com\/en\/2014\/10\/17\/famous-sites\/the-languedoc-the-real-south-of-france-rent-self-catering-apartment\/","url":"https:\/\/www.la-comedie-de-pezenas.com\/en\/2014\/10\/17\/famous-sites\/the-languedoc-the-real-south-of-france-rent-self-catering-apartment\/","name":"The Languedoc : the real south of france, rent a self catering apartment | La Com\u00e9die de P\u00e9zenas","isPartOf":{"@id":"https:\/\/www.la-comedie-de-pezenas.com\/#website"},"primaryImageOfPage":{"@id":"https:\/\/www.la-comedie-de-pezenas.com\/en\/2014\/10\/17\/famous-sites\/the-languedoc-the-real-south-of-france-rent-self-catering-apartment\/#primaryimage"},"image":{"@id":"https:\/\/www.la-comedie-de-pezenas.com\/en\/2014\/10\/17\/famous-sites\/the-languedoc-the-real-south-of-france-rent-self-catering-apartment\/#primaryimage"},"thumbnailUrl":"","datePublished":"2014-10-17T09:33:44+00:00","dateModified":"2018-01-30T07:58:25+00:00","breadcrumb":{"@id":"https:\/\/www.la-comedie-de-pezenas.com\/en\/2014\/10\/17\/famous-sites\/the-languedoc-the-real-south-of-france-rent-self-catering-apartment\/#breadcrumb"},"inLanguage":"en-US","potentialAction":[{"@type":"ReadAction","target":["https:\/\/www.la-comedie-de-pezenas.com\/en\/2014\/10\/17\/famous-sites\/the-languedoc-the-real-south-of-france-rent-self-catering-apartment\/"]}]},{"@type":"ImageObject","inLanguage":"en-US","@id":"https:\/\/www.la-comedie-de-pezenas.com\/en\/2014\/10\/17\/famous-sites\/the-languedoc-the-real-south-of-france-rent-self-catering-apartment\/#primaryimage","url":"","contentUrl":""},{"@type":"BreadcrumbList","@id":"https:\/\/www.la-comedie-de-pezenas.com\/en\/2014\/10\/17\/famous-sites\/the-languedoc-the-real-south-of-france-rent-self-catering-apartment\/#breadcrumb","itemListElement":[{"@type":"ListItem","position":1,"name":"Accueil","item":"https:\/\/www.la-comedie-de-pezenas.com\/"},{"@type":"ListItem","position":2,"name":"The Languedoc : the real south of france, rent a self catering apartment"}]},{"@type":"WebSite","@id":"https:\/\/www.la-comedie-de-pezenas.com\/#website","url":"https:\/\/www.la-comedie-de-pezenas.com\/","name":"La Com\u00e9die de P\u00e9zenas","description":"Vacances et s\u00e9jour gite et appartement location \u00e0 P\u00e9zenas","publisher":{"@id":"https:\/\/www.la-comedie-de-pezenas.com\/#organization"},"potentialAction":[{"@type":"SearchAction","target":{"@type":"EntryPoint","urlTemplate":"https:\/\/www.la-comedie-de-pezenas.com\/?s={search_term_string}"},"query-input":{"@type":"PropertyValueSpecification","valueRequired":true,"valueName":"search_term_string"}}],"inLanguage":"en-US"},{"@type":"Organization","@id":"https:\/\/www.la-comedie-de-pezenas.com\/#organization","name":"La Com\u00e9die de P\u00e9zenas","url":"https:\/\/www.la-comedie-de-pezenas.com\/","logo":{"@type":"ImageObject","inLanguage":"en-US","@id":"https:\/\/www.la-comedie-de-pezenas.com\/#\/schema\/logo\/image\/","url":"https:\/\/www.la-comedie-de-pezenas.com\/wp-content\/uploads\/2018\/01\/logo.jpg","contentUrl":"https:\/\/www.la-comedie-de-pezenas.com\/wp-content\/uploads\/2018\/01\/logo.jpg","width":264,"height":240,"caption":"La Com\u00e9die de P\u00e9zenas"},"image":{"@id":"https:\/\/www.la-comedie-de-pezenas.com\/#\/schema\/logo\/image\/"},"sameAs":["https:\/\/www.facebook.com\/Comedie.Pezenas"]},{"@type":"Person","@id":"https:\/\/www.la-comedie-de-pezenas.com\/#\/schema\/person\/2b0c91d274ec3ab6e9273ee3f4ea6c11","name":"Olivier et Nathalie","image":{"@type":"ImageObject","inLanguage":"en-US","@id":"https:\/\/secure.gravatar.com\/avatar\/09e944ce9ec62cf05f61a28522f5a9ebea98270ba169411cf6d9e7d570dfab8d?s=96&d=mm&r=g","url":"https:\/\/secure.gravatar.com\/avatar\/09e944ce9ec62cf05f61a28522f5a9ebea98270ba169411cf6d9e7d570dfab8d?s=96&d=mm&r=g","contentUrl":"https:\/\/secure.gravatar.com\/avatar\/09e944ce9ec62cf05f61a28522f5a9ebea98270ba169411cf6d9e7d570dfab8d?s=96&d=mm&r=g","caption":"Olivier et Nathalie"}}]}},"_links":{"self":[{"href":"https:\/\/www.la-comedie-de-pezenas.com\/en\/wp-json\/wp\/v2\/posts\/389","targetHints":{"allow":["GET"]}}],"collection":[{"href":"https:\/\/www.la-comedie-de-pezenas.com\/en\/wp-json\/wp\/v2\/posts"}],"about":[{"href":"https:\/\/www.la-comedie-de-pezenas.com\/en\/wp-json\/wp\/v2\/types\/post"}],"author":[{"embeddable":true,"href":"https:\/\/www.la-comedie-de-pezenas.com\/en\/wp-json\/wp\/v2\/users\/1"}],"replies":[{"embeddable":true,"href":"https:\/\/www.la-comedie-de-pezenas.com\/en\/wp-json\/wp\/v2\/comments?post=389"}],"version-history":[{"count":1,"href":"https:\/\/www.la-comedie-de-pezenas.com\/en\/wp-json\/wp\/v2\/posts\/389\/revisions"}],"predecessor-version":[{"id":541,"href":"https:\/\/www.la-comedie-de-pezenas.com\/en\/wp-json\/wp\/v2\/posts\/389\/revisions\/541"}],"wp:featuredmedia":[{"embeddable":true,"href":"https:\/\/www.la-comedie-de-pezenas.com\/en\/wp-json\/"}],"wp:attachment":[{"href":"https:\/\/www.la-comedie-de-pezenas.com\/en\/wp-json\/wp\/v2\/media?parent=389"}],"wp:term":[{"taxonomy":"category","embeddable":true,"href":"https:\/\/www.la-comedie-de-pezenas.com\/en\/wp-json\/wp\/v2\/categories?post=389"},{"taxonomy":"post_tag","embeddable":true,"href":"https:\/\/www.la-comedie-de-pezenas.com\/en\/wp-json\/wp\/v2\/tags?post=389"}],"curies":[{"name":"wp","href":"https:\/\/api.w.org\/{rel}","templated":true}]}}